{"id":1291,"date":"2012-07-28T16:05:40","date_gmt":"2012-07-28T14:05:40","guid":{"rendered":"http:\/\/ioleggoletichetta.it\/?p=1291"},"modified":"2012-07-28T16:05:40","modified_gmt":"2012-07-28T14:05:40","slug":"news-nas-trovano-caffe-tra-gli-insetti-a-torino-scattato-il-sequestro","status":"publish","type":"post","link":"https:\/\/ioleggoletichetta.it\/index.php\/2012\/07\/news-nas-trovano-caffe-tra-gli-insetti-a-torino-scattato-il-sequestro\/","title":{"rendered":"NEWS: NAS TROVANO CAFFE&#8217; TRA GLI INSETTI A TORINO, SCATTATO IL SEQUESTRO"},"content":{"rendered":"<div class=\"c1326b8f1da789719dccc4c68c63fa13\" data-index=\"1\" style=\"float: left; margin: 10px 10px 10px 0;\">\n<script type='text\/javascript'>\r\n<!--\/\/<![CDATA[\r\n   document.MAX_ct0 ='';\r\n   var m3_u = (location.protocol=='https:'?'https:\/\/cas.criteo.com\/delivery\/ajs.php?':'http:\/\/cas.criteo.com\/delivery\/ajs.php?');\r\n   var m3_r = Math.floor(Math.random()*99999999999);\r\n   document.write (\"<scr\"+\"ipt type='text\/javascript' src='\"+m3_u);\r\n   document.write (\"zoneid=123513\");document.write(\"&nodis=1\");\r\n   document.write ('&cb=' + m3_r);\r\n   if (document.MAX_used != ',') document.write (\"&exclude=\" + document.MAX_used);\r\n   document.write (document.charset ? '&charset='+document.charset : (document.characterSet ? '&charset='+document.characterSet : ''));\r\n   document.write (\"&loc=\" + escape(window.location));\r\n   if (document.referrer) document.write (\"&referer=\" + escape(document.referrer));\r\n   if (document.context) document.write (\"&context=\" + escape(document.context));\r\n   if ((typeof(document.MAX_ct0) != 'undefined') && (document.MAX_ct0.substring(0,4) == 'http')) {\r\n       document.write (\"&ct0=\" + escape(document.MAX_ct0));\r\n   }\r\n   if (document.mmm_fo) document.write (\"&mmm_fo=1\");\r\n   document.write (\"'><\/scr\"+\"ipt>\");\r\n\/\/]]>--><\/script>\n<\/div>\n<p><strong>TORINO 4 TONNELLATE DI CAFFE\u2019 E ALIMENTI MAL CONSERVATI,\u00a0600.000 \u20ac IL VALORE DEL SEQUESTRO<\/strong><\/p>\n<p><strong>Nel mirino una piccola industria del settore della torrefazione del caff\u00e8. I prodotti erano custoditi fra polvere, ragnatele, insetti e parassiti, in condizioni igieniche e strutturali inadeguate.\u00a0<\/strong><\/p><div class=\"c1326b8f1da789719dccc4c68c63fa13\" data-index=\"1\" style=\"float: left; margin: 10px 10px 10px 0;\">\n<script type='text\/javascript'>\r\n<!--\/\/<![CDATA[\r\n   document.MAX_ct0 ='';\r\n   var m3_u = (location.protocol=='https:'?'https:\/\/cas.criteo.com\/delivery\/ajs.php?':'http:\/\/cas.criteo.com\/delivery\/ajs.php?');\r\n   var m3_r = Math.floor(Math.random()*99999999999);\r\n   document.write (\"<scr\"+\"ipt type='text\/javascript' src='\"+m3_u);\r\n   document.write (\"zoneid=123513\");document.write(\"&nodis=1\");\r\n   document.write ('&cb=' + m3_r);\r\n   if (document.MAX_used != ',') document.write (\"&exclude=\" + document.MAX_used);\r\n   document.write (document.charset ? '&charset='+document.charset : (document.characterSet ? '&charset='+document.characterSet : ''));\r\n   document.write (\"&loc=\" + escape(window.location));\r\n   if (document.referrer) document.write (\"&referer=\" + escape(document.referrer));\r\n   if (document.context) document.write (\"&context=\" + escape(document.context));\r\n   if ((typeof(document.MAX_ct0) != 'undefined') && (document.MAX_ct0.substring(0,4) == 'http')) {\r\n       document.write (\"&ct0=\" + escape(document.MAX_ct0));\r\n   }\r\n   if (document.mmm_fo) document.write (\"&mmm_fo=1\");\r\n   document.write (\"'><\/scr\"+\"ipt>\");\r\n\/\/]]>--><\/script>\n<\/div>\n\n<p>TORINO &#8211; I carabinieri del Nas di Torino hanno sequestrato 4 tonnellate di caff\u00e8 e di alimenti in polvere per fare dolci. Il sequestro arriva in seguito alle indagini svolte fra Torino ed il basso Canavese, sulle attivit\u00e0 di una piccola industria attiva nel settore della torrefazione del caff\u00e8 ed attualmente in fase di liquidazione. I militari hanno rintracciato, dopo assidue ricerche, un deposito abusivo della ditta, assolutamente sconosciuto alle autorit\u00e0 di vigilanza nel campo alimentare e privo di autorizzazione sanitaria. Nel magazzino, di circa mille metri quadri, i militari hanno trovato quattro tonnellate di alimenti tra caff\u00e8 (prodotto finito e semilavorato) e polveri alimentari per l&#8217;industria dolciaria (creme, cioccolato), che sono stati sottoposti a sequestro insieme alla struttura. I prodotti erano custoditi fra polvere, ragnatele, insetti e parassiti, in condizioni igieniche e strutturali inadeguate, all&#8217;interno di sacchetti di varie dimensioni, in cartoncino o materiale sintetico, in commistione con materiali vari e con macchine per il trattamento e la lavorazione dei prodotti. I sacchetti erano accatastati in disordine e a diretto contatto col pavimento. Il reato ipotizzato \u00e8 di detenzione per la vendita di alimenti in cattivo stato di conservazione ed \u00e8 gi\u00e0 stata interessata la Procura della Repubblica presso il Tribunale di Torino. Il legale rappresentante, nonch\u00e8 liquidatore della societ\u00e0, \u00e8 stato denunciato in stato di libert\u00e0. Il valore del sequestro ammonta a circa settecentomila euro.<\/p>\n<p><a href=\"http:\/\/ioleggoletichetta.it\/wp-content\/uploads\/2012\/07\/caffesequestrato.jpg\"><img loading=\"lazy\" decoding=\"async\" class=\"aligncenter size-thumbnail wp-image-1292\" title=\"caffesequestrato\" src=\"http:\/\/ioleggoletichetta.it\/wp-content\/uploads\/2012\/07\/caffesequestrato-650x300.jpg\" alt=\"\" width=\"650\" height=\"300\" \/><\/a><\/p>\n<p>&nbsp;<\/p>\n\n<div style=\"font-size: 0px; height: 0px; line-height: 0px; margin: 0; padding: 0; clear: both;\"><\/div><!-- AddThis Advanced Settings generic via filter on the_content --><!-- AddThis Share Buttons generic via filter on the_content -->","protected":false},"excerpt":{"rendered":"<p>TORINO 4 TONNELLATE DI CAFFE\u2019 E ALIMENTI MAL CONSERVATI,\u00a0600.000 \u20ac IL VALORE DEL SEQUESTRO Nel mirino una piccola industria del settore della torrefazione del caff\u00e8. I prodotti erano custoditi fra polvere, ragnatele, insetti e parassiti, in condizioni igieniche e strutturali inadeguate.\u00a0 TORINO &#8211; I carabinieri del Nas di Torino hanno sequestrato 4 tonnellate di caff\u00e8 [&hellip;]<!-- AddThis Advanced Settings generic via filter on get_the_excerpt --><!-- AddThis Share Buttons generic via filter on get_the_excerpt --><\/p>\n","protected":false},"author":2,"featured_media":1292,"comment_status":"open","ping_status":"open","sticky":false,"template":"","format":"standard","meta":{"footnotes":""},"categories":[369],"tags":[370,373,1264,297,374,371,372],"aioseo_notices":[],"amp_enabled":true,"_links":{"self":[{"href":"https:\/\/ioleggoletichetta.it\/index.php\/wp-json\/wp\/v2\/posts\/1291"}],"collection":[{"href":"https:\/\/ioleggoletichetta.it\/index.php\/wp-json\/wp\/v2\/posts"}],"about":[{"href":"https:\/\/ioleggoletichetta.it\/index.php\/wp-json\/wp\/v2\/types\/post"}],"author":[{"embeddable":true,"href":"https:\/\/ioleggoletichetta.it\/index.php\/wp-json\/wp\/v2\/users\/2"}],"replies":[{"embeddable":true,"href":"https:\/\/ioleggoletichetta.it\/index.php\/wp-json\/wp\/v2\/comments?post=1291"}],"version-history":[{"count":1,"href":"https:\/\/ioleggoletichetta.it\/index.php\/wp-json\/wp\/v2\/posts\/1291\/revisions"}],"predecessor-version":[{"id":1293,"href":"https:\/\/ioleggoletichetta.it\/index.php\/wp-json\/wp\/v2\/posts\/1291\/revisions\/1293"}],"wp:featuredmedia":[{"embeddable":true,"href":"https:\/\/ioleggoletichetta.it\/index.php\/wp-json\/wp\/v2\/media\/1292"}],"wp:attachment":[{"href":"https:\/\/ioleggoletichetta.it\/index.php\/wp-json\/wp\/v2\/media?parent=1291"}],"wp:term":[{"taxonomy":"category","embeddable":true,"href":"https:\/\/ioleggoletichetta.it\/index.php\/wp-json\/wp\/v2\/categories?post=1291"},{"taxonomy":"post_tag","embeddable":true,"href":"https:\/\/ioleggoletichetta.it\/index.php\/wp-json\/wp\/v2\/tags?post=1291"}],"curies":[{"name":"wp","href":"https:\/\/api.w.org\/{rel}","templated":true}]}}