{"id":1303,"date":"2012-07-30T16:27:53","date_gmt":"2012-07-30T14:27:53","guid":{"rendered":"http:\/\/ioleggoletichetta.it\/?p=1303"},"modified":"2012-07-30T16:28:19","modified_gmt":"2012-07-30T14:28:19","slug":"stretta-farmaci-griffati-i-medici-obbligati-a-scrivere-solo-il-principio-attivo-farmaco-generico-o-di-marca","status":"publish","type":"post","link":"https:\/\/ioleggoletichetta.it\/index.php\/2012\/07\/stretta-farmaci-griffati-i-medici-obbligati-a-scrivere-solo-il-principio-attivo-farmaco-generico-o-di-marca\/","title":{"rendered":"Stretta farmaci griffati, i medici obbligati a scrivere solo il principio attivo FARMACO GENERICO O DI MARCA?"},"content":{"rendered":"<div class=\"c1326b8f1da789719dccc4c68c63fa13\" data-index=\"1\" style=\"float: left; margin: 10px 10px 10px 0;\">\n<script type='text\/javascript'>\r\n<!--\/\/<![CDATA[\r\n   document.MAX_ct0 ='';\r\n   var m3_u = (location.protocol=='https:'?'https:\/\/cas.criteo.com\/delivery\/ajs.php?':'http:\/\/cas.criteo.com\/delivery\/ajs.php?');\r\n   var m3_r = Math.floor(Math.random()*99999999999);\r\n   document.write (\"<scr\"+\"ipt type='text\/javascript' src='\"+m3_u);\r\n   document.write (\"zoneid=123513\");document.write(\"&nodis=1\");\r\n   document.write ('&cb=' + m3_r);\r\n   if (document.MAX_used != ',') document.write (\"&exclude=\" + document.MAX_used);\r\n   document.write (document.charset ? '&charset='+document.charset : (document.characterSet ? '&charset='+document.characterSet : ''));\r\n   document.write (\"&loc=\" + escape(window.location));\r\n   if (document.referrer) document.write (\"&referer=\" + escape(document.referrer));\r\n   if (document.context) document.write (\"&context=\" + escape(document.context));\r\n   if ((typeof(document.MAX_ct0) != 'undefined') && (document.MAX_ct0.substring(0,4) == 'http')) {\r\n       document.write (\"&ct0=\" + escape(document.MAX_ct0));\r\n   }\r\n   if (document.mmm_fo) document.write (\"&mmm_fo=1\");\r\n   document.write (\"'><\/scr\"+\"ipt>\");\r\n\/\/]]>--><\/script>\n<\/div>\n<p><strong>Va al Senato la norma che obbliga i medici a prescrivere i generici. FARMAINDUSTRIA CONTRARIA. Secondo gli industriali coinvolti 65mila posti di lavoro. IL SINDACATO DEI MEDICI teme l\u2019arrivo di farmaci cinesi.<\/strong><\/p>\n<p>ROMA, \u00a0&#8211; Scontro Assogenerici-Farmindustria sulla stretta sui farmaci griffati che il Senato ha introdotto nella spending review. Ad esprimere forte preoccupazione contro l&#8217;obbligo per i medici di indicare il solo principio generico in molti casi \u00e8 anche Confindustria che scende in campo per ricordare che il settore da lavoro a 65.000 persone e ne avrebbe un contraccolpo. Anche i medici protestano perch\u00e9 vedono leso il proprio ruolo prescrittivo. Cos\u00ec, mentre sale la polemica, gli occhi sono puntati a oggi, quando il governo presenter\u00e0 il maxi emendamento sulla Spending Review su cui porre la fiducia.<\/p><div class=\"c1326b8f1da789719dccc4c68c63fa13\" data-index=\"1\" style=\"float: left; margin: 10px 10px 10px 0;\">\n<script type='text\/javascript'>\r\n<!--\/\/<![CDATA[\r\n   document.MAX_ct0 ='';\r\n   var m3_u = (location.protocol=='https:'?'https:\/\/cas.criteo.com\/delivery\/ajs.php?':'http:\/\/cas.criteo.com\/delivery\/ajs.php?');\r\n   var m3_r = Math.floor(Math.random()*99999999999);\r\n   document.write (\"<scr\"+\"ipt type='text\/javascript' src='\"+m3_u);\r\n   document.write (\"zoneid=123513\");document.write(\"&nodis=1\");\r\n   document.write ('&cb=' + m3_r);\r\n   if (document.MAX_used != ',') document.write (\"&exclude=\" + document.MAX_used);\r\n   document.write (document.charset ? '&charset='+document.charset : (document.characterSet ? '&charset='+document.characterSet : ''));\r\n   document.write (\"&loc=\" + escape(window.location));\r\n   if (document.referrer) document.write (\"&referer=\" + escape(document.referrer));\r\n   if (document.context) document.write (\"&context=\" + escape(document.context));\r\n   if ((typeof(document.MAX_ct0) != 'undefined') && (document.MAX_ct0.substring(0,4) == 'http')) {\r\n       document.write (\"&ct0=\" + escape(document.MAX_ct0));\r\n   }\r\n   if (document.mmm_fo) document.write (\"&mmm_fo=1\");\r\n   document.write (\"'><\/scr\"+\"ipt>\");\r\n\/\/]]>--><\/script>\n<\/div>\n\n<p>FARMACI GRIFFATI: Il presidente di Farmindustria, Massimo Scarabarozzi, ha subito tuonato definendo &#8220;vergognosa&#8221; la norma che impone l&#8217;indicazione del principio al posto della marca del farmaco. Al suo fianco scende Confindustria che esprime &#8220;forte preoccupazione&#8221;. il marchio di un farmaco &#8211; spiega &#8211; &#8216;concorre a tutelare il risultato di un oneroso percorso di ricerca, sperimentazione, autorizzazione, promozione scientifica ed e&#8217; garanzia di qualit\u00e0 e correttezza del prodotto&#8221; per un settore che impegna 65.000 persone. Diversa l&#8217;opinione di Assogenerici che ovviamente esprime un giudizio positivo sulla scelta fatta dal Senato. Favorevoli anche i consumatori mentre esprimono preoccupazione anche le diverse organizzazioni dei medici, per la lesione all&#8217;autonomia professionale nella prescrizione di farmaci. La Societ\u00e0 di medicina generale (Simg) chiede cos\u00ec la convocazione di un tavolo per trovare una sintesi, anche nell&#8217;interesse dei cittadini. &#8221;I rischi per la salute dei pazienti potrebbero essere tanti, compreso quello che sul mercato arrivino prodotti da chissa&#8217; quali Paesi, dalla Cina per esempio, e che potrebbero risultare pericolosi&#8221;. A lanciare l&#8217;allarme e&#8217; il presidente nazionale del Sindacato medici italiani, Giuseppe Del Barone. Sotto accusa il decreto, domani in Senato, secondo cui i medici dovranno prescrivere solo il principio attivo dei farmaci, senza indicare etichette. &#8221;Chi ci dice &#8211; sostiene Del Barone &#8211; che le cose non andranno come con alcuni giocattoli e alimenti provenienti dall&#8217;estero? Sono stati tanti i prodotti, per esempio cinesi, ritirati dal mercato perche&#8217; risultati tossici. Potrebbe accadere la stessa cosa anche nel nostro campo con farmaci&#8221; (fonte Ansa)<\/p>\n<p><a href=\"http:\/\/ioleggoletichetta.it\/wp-content\/uploads\/2012\/07\/farmacogenericomarca.jpg\"><img loading=\"lazy\" decoding=\"async\" class=\"aligncenter size-thumbnail wp-image-1304\" title=\"Farmaco generico o di marca?\" src=\"http:\/\/ioleggoletichetta.it\/wp-content\/uploads\/2012\/07\/farmacogenericomarca-650x300.jpg\" alt=\"\" width=\"650\" height=\"300\" \/><\/a><\/p>\n\n<div style=\"font-size: 0px; height: 0px; line-height: 0px; margin: 0; padding: 0; clear: both;\"><\/div><!-- AddThis Advanced Settings generic via filter on the_content --><!-- AddThis Share Buttons generic via filter on the_content -->","protected":false},"excerpt":{"rendered":"<p>Va al Senato la norma che obbliga i medici a prescrivere i generici. FARMAINDUSTRIA CONTRARIA. Secondo gli industriali coinvolti 65mila posti di lavoro. IL SINDACATO DEI MEDICI teme l\u2019arrivo di farmaci cinesi. ROMA, \u00a0&#8211; Scontro Assogenerici-Farmindustria sulla stretta sui farmaci griffati che il Senato ha introdotto nella spending review. Ad esprimere forte preoccupazione contro l&#8217;obbligo [&hellip;]<!-- AddThis Advanced Settings generic via filter on get_the_excerpt --><!-- AddThis Share Buttons generic via filter on get_the_excerpt --><\/p>\n","protected":false},"author":2,"featured_media":1304,"comment_status":"open","ping_status":"open","sticky":false,"template":"","format":"standard","meta":{"footnotes":""},"categories":[369],"tags":[391,380,390,382,381,1264,383,386,387,389,1269,388,385,384],"aioseo_notices":[],"amp_enabled":true,"_links":{"self":[{"href":"https:\/\/ioleggoletichetta.it\/index.php\/wp-json\/wp\/v2\/posts\/1303"}],"collection":[{"href":"https:\/\/ioleggoletichetta.it\/index.php\/wp-json\/wp\/v2\/posts"}],"about":[{"href":"https:\/\/ioleggoletichetta.it\/index.php\/wp-json\/wp\/v2\/types\/post"}],"author":[{"embeddable":true,"href":"https:\/\/ioleggoletichetta.it\/index.php\/wp-json\/wp\/v2\/users\/2"}],"replies":[{"embeddable":true,"href":"https:\/\/ioleggoletichetta.it\/index.php\/wp-json\/wp\/v2\/comments?post=1303"}],"version-history":[{"count":3,"href":"https:\/\/ioleggoletichetta.it\/index.php\/wp-json\/wp\/v2\/posts\/1303\/revisions"}],"predecessor-version":[{"id":1307,"href":"https:\/\/ioleggoletichetta.it\/index.php\/wp-json\/wp\/v2\/posts\/1303\/revisions\/1307"}],"wp:featuredmedia":[{"embeddable":true,"href":"https:\/\/ioleggoletichetta.it\/index.php\/wp-json\/wp\/v2\/media\/1304"}],"wp:attachment":[{"href":"https:\/\/ioleggoletichetta.it\/index.php\/wp-json\/wp\/v2\/media?parent=1303"}],"wp:term":[{"taxonomy":"category","embeddable":true,"href":"https:\/\/ioleggoletichetta.it\/index.php\/wp-json\/wp\/v2\/categories?post=1303"},{"taxonomy":"post_tag","embeddable":true,"href":"https:\/\/ioleggoletichetta.it\/index.php\/wp-json\/wp\/v2\/tags?post=1303"}],"curies":[{"name":"wp","href":"https:\/\/api.w.org\/{rel}","templated":true}]}}