{"id":1930,"date":"2013-03-20T00:23:17","date_gmt":"2013-03-19T22:23:17","guid":{"rendered":"http:\/\/ioleggoletichetta.it\/?p=1930"},"modified":"2013-06-21T13:36:27","modified_gmt":"2013-06-21T11:36:27","slug":"raccolta-differenziata-ce-chi-dice-no-perche-e-faticosa-farla-siete-concordi-nel-sanzionare-chi-non-la-fa","status":"publish","type":"post","link":"https:\/\/ioleggoletichetta.it\/index.php\/2013\/03\/raccolta-differenziata-ce-chi-dice-no-perche-e-faticosa-farla-siete-concordi-nel-sanzionare-chi-non-la-fa\/","title":{"rendered":"Raccolta differenziata. C&#8217;e&#8217; chi dice no perche&#8217; e&#8217; faticoso farla. Siete concordi nel sanzionare chi non la fa?"},"content":{"rendered":"<div class=\"c1326b8f1da789719dccc4c68c63fa13\" data-index=\"1\" style=\"float: left; margin: 10px 10px 10px 0;\">\n<script type='text\/javascript'>\r\n<!--\/\/<![CDATA[\r\n   document.MAX_ct0 ='';\r\n   var m3_u = (location.protocol=='https:'?'https:\/\/cas.criteo.com\/delivery\/ajs.php?':'http:\/\/cas.criteo.com\/delivery\/ajs.php?');\r\n   var m3_r = Math.floor(Math.random()*99999999999);\r\n   document.write (\"<scr\"+\"ipt type='text\/javascript' src='\"+m3_u);\r\n   document.write (\"zoneid=123513\");document.write(\"&nodis=1\");\r\n   document.write ('&cb=' + m3_r);\r\n   if (document.MAX_used != ',') document.write (\"&exclude=\" + document.MAX_used);\r\n   document.write (document.charset ? '&charset='+document.charset : (document.characterSet ? '&charset='+document.characterSet : ''));\r\n   document.write (\"&loc=\" + escape(window.location));\r\n   if (document.referrer) document.write (\"&referer=\" + escape(document.referrer));\r\n   if (document.context) document.write (\"&context=\" + escape(document.context));\r\n   if ((typeof(document.MAX_ct0) != 'undefined') && (document.MAX_ct0.substring(0,4) == 'http')) {\r\n       document.write (\"&ct0=\" + escape(document.MAX_ct0));\r\n   }\r\n   if (document.mmm_fo) document.write (\"&mmm_fo=1\");\r\n   document.write (\"'><\/scr\"+\"ipt>\");\r\n\/\/]]>--><\/script>\n<\/div>\n<p>Mara Palladini ci scrive: &#8220;Visto che state attenti e incentivate il consumo critico immagino siate attenti anche al non spreco e all&#8217;ambiente. Ecco riguardo allo spreco ieri parlavo con una mia amica sulla raccolta differenziata. Io la faccio da sempre e qui da me c&#8217;\u00e8 anche la raccolta dell&#8217;organico\/umido. Non vi potete rendere conto di quanto organico con scarti di cibo si produce! ed \u00e8 rifiuto ecocompatibile al 100%! A seguire produciamo sacchi con moltissima carta ho i miei figli che disegnano molto poi plastica e vetro. Di fatto l&#8217;organico lo buttiamo tutti i giorni, la spazzatura normale ogni 3-4 giorni, la carta tutte le settimane, plastica e vetro ogni 2 settimane. <strong>Ora questa mia amica si rifiuta di fare la raccolta differenziata e le motivazioni che mi ha avanzato sono due. La prima \u00e8 che secondo lei \u00e8 inutile farla perch\u00e9 tanto finisce tutta insieme e la rimescolano&#8230;e seconda motivazione che \u00e8 faticosa essendo lei al quarto piano senza ascensore e avendo la casa piccola non sa dove mettere i singoli contenitori&#8230;.<\/strong>.Ma vi sembrano motivazioni sensate? Io anche ho casa piccola ma ho messo i singoli bidoni uno sotto un lavabo del bagno per la carta, uno per la plastica in uno stipo della cucina, quello per il vetro fuori dal terrazzo e l&#8217;organico sotto il lavandino di fianco al secchio per l&#8217;indifferenziata. VOI COME FATE? A me piange il cuore quando io stessa raccolgo tutta quella carta, plastica e vetro e penso a quanta gente la butta nell&#8217;indifferenziata! Fanno bene in alcune zone d&#8217;Italia dove hanno iniziato a fare le multe a chi non la fa. Da me ancora non hanno iniziato ma spero inizino presto! \u00a0Per molti italiani \u00e8 impensabile che qualcuno si metta a frugare nella spazzatura per cercare un nome da sanzionare&#8230;e quindi si sentono liberi di fare quello che vogliono!&#8221;<\/p>\n<p>Mara Palladini nella parte finale parla delle multe verso chi non fa la differenziata come di una novit\u00e0. Eppure sono anni che si sente parlare di tentativi da parte dei Comuni di portare avanti controlli sui cittadini e gi\u00e0 nel lontano 2005 quei Comuni che volevano frugare nei sacchetti della spazzatura si sono trovati contro molti cittadini che hanno addirittura chiesto l&#8217;intervento del Garante della Privacy. <strong>Intervento chiesto per effettiva violazione di privacy o per evitare le multe e continuare a non fare la differenziata?<\/strong><\/p>\n<p>Sta di fatto che il Garante si espresse. <em>&#8220;Sono pervenuti a questa Autorit\u00e0 reclami e segnalazioni con i quali si lamenta una violazione della riservatezza che deriverebbe dalle modalit\u00e0 prescelte da alcuni comuni per la raccolta differenziata dei rifiuti solidi urbani e per accertare le violazioni amministrative in materia. Vari quesiti sono giunti anche da enti locali.<br \/>\n<\/em><\/p>\n<p align=\"justify\"><em>Viola la privacy l&#8217;obbligo previsto da alcuni comuni di far utilizzare ai cittadini sacchetti dei rifiuti trasparenti o con etichette adesive nominative per la raccolta &#8220;porta a porta&#8221;. Lecito, invece, contrassegnare il sacchetto con un codice a barre, un microchip o con etichette intelligenti (Rfid). No ai controlli indiscriminati, ma ispezione dei sacchetti solo nei casi in cui il cittadino, che non ha rispettato la normativa sulla raccolta differenziata, non sia identificabile in nessun altro modo.<\/em><\/p><div class=\"c1326b8f1da789719dccc4c68c63fa13\" data-index=\"1\" style=\"float: left; margin: 10px 10px 10px 0;\">\n<script type='text\/javascript'>\r\n<!--\/\/<![CDATA[\r\n   document.MAX_ct0 ='';\r\n   var m3_u = (location.protocol=='https:'?'https:\/\/cas.criteo.com\/delivery\/ajs.php?':'http:\/\/cas.criteo.com\/delivery\/ajs.php?');\r\n   var m3_r = Math.floor(Math.random()*99999999999);\r\n   document.write (\"<scr\"+\"ipt type='text\/javascript' src='\"+m3_u);\r\n   document.write (\"zoneid=123513\");document.write(\"&nodis=1\");\r\n   document.write ('&cb=' + m3_r);\r\n   if (document.MAX_used != ',') document.write (\"&exclude=\" + document.MAX_used);\r\n   document.write (document.charset ? '&charset='+document.charset : (document.characterSet ? '&charset='+document.characterSet : ''));\r\n   document.write (\"&loc=\" + escape(window.location));\r\n   if (document.referrer) document.write (\"&referer=\" + escape(document.referrer));\r\n   if (document.context) document.write (\"&context=\" + escape(document.context));\r\n   if ((typeof(document.MAX_ct0) != 'undefined') && (document.MAX_ct0.substring(0,4) == 'http')) {\r\n       document.write (\"&ct0=\" + escape(document.MAX_ct0));\r\n   }\r\n   if (document.mmm_fo) document.write (\"&mmm_fo=1\");\r\n   document.write (\"'><\/scr\"+\"ipt>\");\r\n\/\/]]>--><\/script>\n<\/div>\n\n<p id=\"aui_3_2_0_1112\" align=\"justify\"><em><span id=\"aui_3_2_0_1111\">Con un\u00a0<a id=\"aui_3_2_0_1109\" href=\"http:\/\/www.garanteprivacy.it\/garante\/doc.jsp?ID=1149822\" target=\"_blank\">provvedimento a carattere generale<\/a>, di cui \u00e8 stato relatore Giuseppe Fortunato, il Garante per la protezione dei dati personali ha dato risposta a vari quesiti di enti locali e a numerosi reclami e segnalazioni di cittadini che lamentavano una possibile violazione della riservatezza, derivante soprattutto dalle modalit\u00e0 di raccolta dei rifiuti e dai controlli amministrativi, riguardo ai dati personali rilevabili attraverso i sacchetti stessi o dall&#8217;ispezione del loro contenuto. Nei rifiuti finiscono, infatti, molti effetti personali (corrispondenza, fatture telefoniche con i numeri chiamati, estratti conto bancari), a volte relativi anche alla sfera della salute (farmaci, prescrizioni mediche, ecc.) o a convinzioni politiche, religiose, sindacali. Queste informazioni, se trattate in modo non proporzionato o in caso di abusi, possono comportare seri inconvenienti alle persone.<\/span><\/em><\/p>\n<p align=\"justify\"><em>Il Garante ha rilevato che la raccolta differenziata, prevista da specifiche norme, risponde ad un importante interesse pubblico. Ma non ha ritenuto proporzionato l&#8217;obbligo imposto da alcuni enti locali ad utilizzare sacchetti trasparenti per la raccolta &#8220;porta a porta&#8221;, perch\u00e9 chiunque si trovi a transitare sul pianerottolo o nell&#8217;area antistante l&#8217;abitazione pu\u00f2 visionare agevolmente il contenuto. Sproporzionata anche la misura che obbliga ad applicare al sacchetto targhette adesive in cui sia riportato a vista nominativo ed indirizzo della persona cui si riferiscono i rifiuti, in particolare se lasciati in strada.<\/em><\/p>\n<p align=\"justify\"><em>Invasiva \u00e8 stata ritenuta anche la pratica di ispezioni generalizzate dei sacchetti. Gli organi addetti ai controlli possono procedere ad ispezioni selettive solo nei casi in cui abbiamo ragione di ritenere che i rifiuti siano stati lasciati senza osservare le norme in materia di raccolta differenziata e il cittadino non sia identificabile in altro modo.<\/em><\/p>\n<p align=\"justify\"><em>S\u00ec, invece, a codici a barre, microchip o Rfid che consentono di delimitare l&#8217;identificabilit\u00e0 della persona solo nel caso in cui sia accertata la violazione delle norme sulla raccolta differenziata. In questo modo gli operatori che verificano l&#8217;omogeneit\u00e0 del contenuto del sacchetto (carta, vetro, plastica) non vengono a conoscenza dell&#8217;identit\u00e0 della persona, che rimane riservata fino alla decodifica dei codice a barre o del microchip da parte dei soggetti che applicano la sanzione.<\/em><\/p>\n<p align=\"justify\"><em>Per quanto riguarda infine le cosiddette &#8220;ecopiazzole&#8221;, il Garante ritiene lecito che i gestori di queste aree in cui i cittadini portano i materiali per la raccolta differenziata, registrino temporaneamente nominativi ed indirizzo di chi conferisce i rifiuti, previa esibizione di un documento di identit\u00e0, anche per accertare la residenza dei cittadini ed evitare che uno stesso soggetto conferisca i rifiuti in pi\u00f9 comuni aggirando i limiti quantitativi ammessi senza oneri.<\/em><\/p>\n<p align=\"justify\"><em>&#8220;Le lettere d&#8217;amore, le bollette, gli estratti conto, le confezioni medicinali che decidiamo di buttare nei nostri rifiuti non devono finire nelle mani di chiunque o essere esposti a sguardi indiscreti &#8211; afferma Giuseppe Fortunato, relatore del provvedimento &#8211; perch\u00e9 sono tutte informazioni che fanno parte di noi, della nostra identit\u00e0. Da esse si pu\u00f2 capire molto dei nostri gusti, delle nostre preferenze, dei nostri stili di vita, del nostro stato di salute. Quindi, s\u00ec ai controlli per sanzionare chi non rispetta la raccolta differenziata, no a indebite invasioni nella nostra privacy.&#8221;<\/em><\/p>\n<p id=\"aui_3_2_0_1121\" align=\"justify\"><span><em>Roma, 22 luglio 2005<\/em><\/span><em>&#8220;<\/em><\/p>\n<p align=\"justify\"><strong>Da allora sono passati 8 anni&#8230;<\/strong><\/p>\n<p align=\"justify\"><a href=\"http:\/\/ioleggoletichetta.it\/wp-content\/uploads\/2013\/03\/raccolta.jpg\"><img loading=\"lazy\" decoding=\"async\" class=\"aligncenter size-full wp-image-1931\" title=\"Multe per chi non fa la raccolta differenziata?\" src=\"http:\/\/ioleggoletichetta.it\/wp-content\/uploads\/2013\/03\/raccolta.jpg\" alt=\"\" width=\"306\" height=\"510\" srcset=\"https:\/\/ioleggoletichetta.it\/wp-content\/uploads\/2013\/03\/raccolta.jpg 306w, https:\/\/ioleggoletichetta.it\/wp-content\/uploads\/2013\/03\/raccolta-180x300.jpg 180w\" sizes=\"(max-width: 306px) 100vw, 306px\" \/><\/a><\/p>\n<p>&nbsp;<\/p>\n\n<div style=\"font-size: 0px; height: 0px; line-height: 0px; margin: 0; padding: 0; clear: both;\"><\/div><!-- AddThis Advanced Settings generic via filter on the_content --><!-- AddThis Share Buttons generic via filter on the_content -->","protected":false},"excerpt":{"rendered":"<p>Mara Palladini ci scrive: &#8220;Visto che state attenti e incentivate il consumo critico immagino siate attenti anche al non spreco e all&#8217;ambiente. Ecco riguardo allo spreco ieri parlavo con una mia amica sulla raccolta differenziata. Io la faccio da sempre e qui da me c&#8217;\u00e8 anche la raccolta dell&#8217;organico\/umido. Non vi potete rendere conto di [&hellip;]<!-- AddThis Advanced Settings generic via filter on get_the_excerpt --><!-- AddThis Share Buttons generic via filter on get_the_excerpt --><\/p>\n","protected":false},"author":550,"featured_media":1931,"comment_status":"open","ping_status":"open","sticky":false,"template":"","format":"standard","meta":{"footnotes":""},"categories":[225],"tags":[549,602,601,597,572,1264,596,599,595,9,367,600,598],"aioseo_notices":[],"amp_enabled":true,"_links":{"self":[{"href":"https:\/\/ioleggoletichetta.it\/index.php\/wp-json\/wp\/v2\/posts\/1930"}],"collection":[{"href":"https:\/\/ioleggoletichetta.it\/index.php\/wp-json\/wp\/v2\/posts"}],"about":[{"href":"https:\/\/ioleggoletichetta.it\/index.php\/wp-json\/wp\/v2\/types\/post"}],"author":[{"embeddable":true,"href":"https:\/\/ioleggoletichetta.it\/index.php\/wp-json\/wp\/v2\/users\/550"}],"replies":[{"embeddable":true,"href":"https:\/\/ioleggoletichetta.it\/index.php\/wp-json\/wp\/v2\/comments?post=1930"}],"version-history":[{"count":6,"href":"https:\/\/ioleggoletichetta.it\/index.php\/wp-json\/wp\/v2\/posts\/1930\/revisions"}],"predecessor-version":[{"id":1933,"href":"https:\/\/ioleggoletichetta.it\/index.php\/wp-json\/wp\/v2\/posts\/1930\/revisions\/1933"}],"wp:featuredmedia":[{"embeddable":true,"href":"https:\/\/ioleggoletichetta.it\/index.php\/wp-json\/wp\/v2\/media\/1931"}],"wp:attachment":[{"href":"https:\/\/ioleggoletichetta.it\/index.php\/wp-json\/wp\/v2\/media?parent=1930"}],"wp:term":[{"taxonomy":"category","embeddable":true,"href":"https:\/\/ioleggoletichetta.it\/index.php\/wp-json\/wp\/v2\/categories?post=1930"},{"taxonomy":"post_tag","embeddable":true,"href":"https:\/\/ioleggoletichetta.it\/index.php\/wp-json\/wp\/v2\/tags?post=1930"}],"curies":[{"name":"wp","href":"https:\/\/api.w.org\/{rel}","templated":true}]}}