{"id":1967,"date":"2013-03-23T22:08:21","date_gmt":"2013-03-23T20:08:21","guid":{"rendered":"http:\/\/ioleggoletichetta.it\/?p=1967"},"modified":"2013-06-21T13:34:41","modified_gmt":"2013-06-21T11:34:41","slug":"appuntamenti-martedi-26-marzo-a-bologna-io-leggo-letichetta-risparmio-qualita-consapevolezza-quando-la-condivisione-partecipata-sfida-la-crisi","status":"publish","type":"post","link":"https:\/\/ioleggoletichetta.it\/index.php\/2013\/03\/appuntamenti-martedi-26-marzo-a-bologna-io-leggo-letichetta-risparmio-qualita-consapevolezza-quando-la-condivisione-partecipata-sfida-la-crisi\/","title":{"rendered":"Martedi&#8217; 26 marzo a Bologna &#8211; Io leggo l&#8217;etichetta: risparmio, qualita&#8217; consapevolezza- quando la condivisione partecipata sfida la crisi."},"content":{"rendered":"<div class=\"c1326b8f1da789719dccc4c68c63fa13\" data-index=\"1\" style=\"float: left; margin: 10px 10px 10px 0;\">\n<script type='text\/javascript'>\r\n<!--\/\/<![CDATA[\r\n   document.MAX_ct0 ='';\r\n   var m3_u = (location.protocol=='https:'?'https:\/\/cas.criteo.com\/delivery\/ajs.php?':'http:\/\/cas.criteo.com\/delivery\/ajs.php?');\r\n   var m3_r = Math.floor(Math.random()*99999999999);\r\n   document.write (\"<scr\"+\"ipt type='text\/javascript' src='\"+m3_u);\r\n   document.write (\"zoneid=123513\");document.write(\"&nodis=1\");\r\n   document.write ('&cb=' + m3_r);\r\n   if (document.MAX_used != ',') document.write (\"&exclude=\" + document.MAX_used);\r\n   document.write (document.charset ? '&charset='+document.charset : (document.characterSet ? '&charset='+document.characterSet : ''));\r\n   document.write (\"&loc=\" + escape(window.location));\r\n   if (document.referrer) document.write (\"&referer=\" + escape(document.referrer));\r\n   if (document.context) document.write (\"&context=\" + escape(document.context));\r\n   if ((typeof(document.MAX_ct0) != 'undefined') && (document.MAX_ct0.substring(0,4) == 'http')) {\r\n       document.write (\"&ct0=\" + escape(document.MAX_ct0));\r\n   }\r\n   if (document.mmm_fo) document.write (\"&mmm_fo=1\");\r\n   document.write (\"'><\/scr\"+\"ipt>\");\r\n\/\/]]>--><\/script>\n<\/div>\n<p><strong><span style=\"text-decoration: underline;\">Marted\u00ec 26 Marzo<\/span><\/strong><strong>\u00a0alle ore 17:30 presso la Biblioteca Multimediale Roberto Ruffilli (in Vicolo Bolognetti 2) si terr\u00e0 l&#8217;incontro aperto al pubblico\u00a0<em>Io leggo l&#8217;etichetta: risparmio, qualit\u00e0, consapevolezza<\/em>\u00a0a cura di <a href=\"http:\/\/www.facebook.com\/raffaelebrogna2\" target=\"_blank\">Raffaele Brogna<\/a>, ideatore del sito web\u00a0<a href=\"http:\/\/www.ioleggoletichetta.it\/\" target=\"_blank\">www.ioleggoletichetta.it<\/a>\u00a0nato a Bologna e vincitore del Bando Regionale Spinner per idee imprenditoriali innovative.<\/strong>\u00a0<strong>Brogna, con esempi pratici, guider\u00e0 i cittadini alla corretta lettura delle etichette dei prodotti puntando al risparmio ed alla qualit\u00e0 e con l&#8217;obiettivo di accrescere la consapevolezza di ciascun consumatore durante l&#8217;atto dell&#8217;acquisto.<\/strong>\u00a0Il seminario, che vedr\u00e0 la partecipazione di\u00a0<strong>Nadia Monti, Assessore Attivit\u00e0 Produttive e Commercio del Comune di Bologna, e Milena Naldi, Presidente del Quartiere San Vitale,<\/strong>\u00a0rientra in una serie di appuntamenti dedicati al consumo consapevole e responsabile, collegati al progetto Family Card del Comune di Bologna.<\/p>\n<p>\u201cDa Bologna arriva una risposta alla crisi,\u00a0<strong>Io leggo l&#8217;etichetta<\/strong>. Nel momento in cui, in piena recessione, aumenta la spesa per le famiglie italiane, l&#8217;unico modo per risparmiare \u00e8 o consumare meno e peggio o consumare in maniera diversa, attuando abitudini di consumo che consentano di aumentare il potere di acquisto del nostro portafoglio, mantenendo sempre un occhio attento rivolto alla qualit\u00e0&#8221;. Cos\u00ec dichiara Raffaele Brogna e continua- &#8220;Se i soldi escono dalla busta paga noi ce li riprendiamo dalla spesa quotidiana usando le preziose informazioni riportate sulle etichette dei prodotti condividendole con tutti&#8221;.<\/p><div class=\"c1326b8f1da789719dccc4c68c63fa13\" data-index=\"1\" style=\"float: left; margin: 10px 10px 10px 0;\">\n<script type='text\/javascript'>\r\n<!--\/\/<![CDATA[\r\n   document.MAX_ct0 ='';\r\n   var m3_u = (location.protocol=='https:'?'https:\/\/cas.criteo.com\/delivery\/ajs.php?':'http:\/\/cas.criteo.com\/delivery\/ajs.php?');\r\n   var m3_r = Math.floor(Math.random()*99999999999);\r\n   document.write (\"<scr\"+\"ipt type='text\/javascript' src='\"+m3_u);\r\n   document.write (\"zoneid=123513\");document.write(\"&nodis=1\");\r\n   document.write ('&cb=' + m3_r);\r\n   if (document.MAX_used != ',') document.write (\"&exclude=\" + document.MAX_used);\r\n   document.write (document.charset ? '&charset='+document.charset : (document.characterSet ? '&charset='+document.characterSet : ''));\r\n   document.write (\"&loc=\" + escape(window.location));\r\n   if (document.referrer) document.write (\"&referer=\" + escape(document.referrer));\r\n   if (document.context) document.write (\"&context=\" + escape(document.context));\r\n   if ((typeof(document.MAX_ct0) != 'undefined') && (document.MAX_ct0.substring(0,4) == 'http')) {\r\n       document.write (\"&ct0=\" + escape(document.MAX_ct0));\r\n   }\r\n   if (document.mmm_fo) document.write (\"&mmm_fo=1\");\r\n   document.write (\"'><\/scr\"+\"ipt>\");\r\n\/\/]]>--><\/script>\n<\/div>\n\n<p>Le dinamiche sociali sul web cambieranno il mondo e lo stanno gi\u00e0 facendo. I consumatori, grazie alle informazioni veicolate da tutta la<strong>comunit\u00e0 attiva degli oltre 70.000 consumatori<\/strong>\u00a0su\u00a0<strong><em>Io leggo l&#8217;etichetta,<\/em><\/strong>\u00a0<strong>possono risparmiare oltre 1400 \u20ac sulla spesa.<\/strong>\u00a0Grazie all&#8217;indicazione dello stabilimento di produzione si scopre come molti prodotti della Grande Distribuzione sono fabbricati da noti produttori con un costo inferiore per il consumatore finale rispetto al prodotto di marca, ma mantenendo comunque standard qualitativi elevati. &#8220;Ad esempio &#8211; spiega Brogna &#8211; tra il succo e polpa Coop e Yoga l&#8217;unica differenza \u00e8 il prezzo con il prodotto Coop che costa il 17,5% in meno nonostante il prodotto imbottigliato sia lo stesso. Dinamiche che ritroviamo anche in prodotti a marchio Conad, Esselunga, Pam, Despar, Lidl e via dicendo. Altre volte le ricette dei prodotti della Grande Distribuzione cambiano rispetto al prodotto di Marca, ma ci\u00f2 non significa necessariamente che il prodotto sia peggiore. Per questo poniamo molta attenzione anche alla lettura degli ingredienti, ai valori nutrizionali e ai processi produttivi dei prodotti.\u00a0<strong>L&#8217;obiettivo \u00e8 trovarei\u00a0migliori prodotti in termini di qualit\u00e0\/prezzo, puntando al risparmio<\/strong>.\u00a0<strong>Il prodotto pi\u00f9 costoso non corrisponde necessariamente al migliore e la grafica e la pubblicit\u00e0 di un prodotto per quanto bella non si mangia, ma si paga profumatamente.&#8221;<\/strong><\/p>\n<p>&#8220;Attraverso la condivisione sui social network e la partecipazione ad un movimento che ad oggi vede coinvolti migliaia di consumatori,\u00a0<strong>Io leggo l&#8217;etichetta<\/strong>\u00a0del web 2.0 rappresenta qualcosa di nuovo che incide profondamente nelle varie fasi di decisione d&#8217;acquisto dei consumatori<strong>.<\/strong>\u00a0Per questo &#8211; conclude Brogna &#8211; abbiamo scelto lo slogan\u00a0<strong>Etichettiamoci<\/strong>, che racchiude l&#8217;essenza della\u00a0<strong>partecipazione\u00a0<\/strong>e della<strong>\u00a0formazione<\/strong>\u00a0verso un\u00a0<strong>consumo pi\u00f9 critico che spinga il consumatore a conoscere ci\u00f2 che acquista<\/strong>. Partecipazione e formazione per affrontare la\u00a0<strong>crisi economica<\/strong>\u00a0che sta coinvolgendo migliaia di cittadini italiani. Crisi che si batte, non subendola passivamente, ma affrontandola insieme e non da soli. La socialit\u00e0 in momenti di difficolt\u00e0 come questi \u00e8 un bene prezioso&#8221;.<\/p>\n<p><strong><span style=\"text-decoration: underline;\">L\u2019INGRESSO all\u2019evento \u00e8 LIBERO e gratuito.<\/span><\/strong><\/p>\n<p>Per informazioni scrivere a <strong>ufficiostampa@ioleggoleticetta.it<\/strong><\/p>\n<p style=\"text-align: center;\"><a href=\"http:\/\/ioleggoletichetta.it\/wp-content\/uploads\/2013\/03\/bologna.jpg\"><img loading=\"lazy\" decoding=\"async\" class=\"aligncenter  wp-image-1968\" title=\"Io leggo l'etichetta: risparmio qualit\u00e0 condivisione\" src=\"http:\/\/ioleggoletichetta.it\/wp-content\/uploads\/2013\/03\/bologna.jpg\" alt=\"\" width=\"650\" height=\"788\" srcset=\"https:\/\/ioleggoletichetta.it\/wp-content\/uploads\/2013\/03\/bologna.jpg 935w, https:\/\/ioleggoletichetta.it\/wp-content\/uploads\/2013\/03\/bologna-247x300.jpg 247w, https:\/\/ioleggoletichetta.it\/wp-content\/uploads\/2013\/03\/bologna-844x1024.jpg 844w\" sizes=\"(max-width: 650px) 100vw, 650px\" \/><\/a><\/p>\n\n<div style=\"font-size: 0px; height: 0px; line-height: 0px; margin: 0; padding: 0; clear: both;\"><\/div><!-- AddThis Advanced Settings generic via filter on the_content --><!-- AddThis Share Buttons generic via filter on the_content -->","protected":false},"excerpt":{"rendered":"<p>Marted\u00ec 26 Marzo\u00a0alle ore 17:30 presso la Biblioteca Multimediale Roberto Ruffilli (in Vicolo Bolognetti 2) si terr\u00e0 l&#8217;incontro aperto al pubblico\u00a0Io leggo l&#8217;etichetta: risparmio, qualit\u00e0, consapevolezza\u00a0a cura di Raffaele Brogna, ideatore del sito web\u00a0www.ioleggoletichetta.it\u00a0nato a Bologna e vincitore del Bando Regionale Spinner per idee imprenditoriali innovative.\u00a0Brogna, con esempi pratici, guider\u00e0 i cittadini alla corretta lettura [&hellip;]<!-- AddThis Advanced Settings generic via filter on get_the_excerpt --><!-- AddThis Share Buttons generic via filter on get_the_excerpt --><\/p>\n","protected":false},"author":554,"featured_media":1968,"comment_status":"open","ping_status":"open","sticky":false,"template":"","format":"standard","meta":{"footnotes":""},"categories":[1],"tags":[615,617,39,616,618,65,1264,69,1269,9,66,367],"aioseo_notices":[],"amp_enabled":true,"_links":{"self":[{"href":"https:\/\/ioleggoletichetta.it\/index.php\/wp-json\/wp\/v2\/posts\/1967"}],"collection":[{"href":"https:\/\/ioleggoletichetta.it\/index.php\/wp-json\/wp\/v2\/posts"}],"about":[{"href":"https:\/\/ioleggoletichetta.it\/index.php\/wp-json\/wp\/v2\/types\/post"}],"author":[{"embeddable":true,"href":"https:\/\/ioleggoletichetta.it\/index.php\/wp-json\/wp\/v2\/users\/554"}],"replies":[{"embeddable":true,"href":"https:\/\/ioleggoletichetta.it\/index.php\/wp-json\/wp\/v2\/comments?post=1967"}],"version-history":[{"count":8,"href":"https:\/\/ioleggoletichetta.it\/index.php\/wp-json\/wp\/v2\/posts\/1967\/revisions"}],"predecessor-version":[{"id":2282,"href":"https:\/\/ioleggoletichetta.it\/index.php\/wp-json\/wp\/v2\/posts\/1967\/revisions\/2282"}],"wp:featuredmedia":[{"embeddable":true,"href":"https:\/\/ioleggoletichetta.it\/index.php\/wp-json\/wp\/v2\/media\/1968"}],"wp:attachment":[{"href":"https:\/\/ioleggoletichetta.it\/index.php\/wp-json\/wp\/v2\/media?parent=1967"}],"wp:term":[{"taxonomy":"category","embeddable":true,"href":"https:\/\/ioleggoletichetta.it\/index.php\/wp-json\/wp\/v2\/categories?post=1967"},{"taxonomy":"post_tag","embeddable":true,"href":"https:\/\/ioleggoletichetta.it\/index.php\/wp-json\/wp\/v2\/tags?post=1967"}],"curies":[{"name":"wp","href":"https:\/\/api.w.org\/{rel}","templated":true}]}}