{"id":2320,"date":"2013-06-23T00:32:15","date_gmt":"2013-06-22T22:32:15","guid":{"rendered":"http:\/\/ioleggoletichetta.it\/?p=2320"},"modified":"2013-06-26T12:13:44","modified_gmt":"2013-06-26T10:13:44","slug":"hangout-di-ioleggoletichetta-con-la-cna-di-chieti-i-pensionati-si-mobilitano-per-leggere-le-etichette","status":"publish","type":"post","link":"https:\/\/ioleggoletichetta.it\/index.php\/2013\/06\/hangout-di-ioleggoletichetta-con-la-cna-di-chieti-i-pensionati-si-mobilitano-per-leggere-le-etichette\/","title":{"rendered":"VIDEO: Hangout di Ioleggoletichetta con la CNA di Chieti &#8211; I pensionati si mobilitano per leggere le etichette"},"content":{"rendered":"<div class=\"c1326b8f1da789719dccc4c68c63fa13\" data-index=\"1\" style=\"float: left; margin: 10px 10px 10px 0;\">\n<script type='text\/javascript'>\r\n<!--\/\/<![CDATA[\r\n   document.MAX_ct0 ='';\r\n   var m3_u = (location.protocol=='https:'?'https:\/\/cas.criteo.com\/delivery\/ajs.php?':'http:\/\/cas.criteo.com\/delivery\/ajs.php?');\r\n   var m3_r = Math.floor(Math.random()*99999999999);\r\n   document.write (\"<scr\"+\"ipt type='text\/javascript' src='\"+m3_u);\r\n   document.write (\"zoneid=123513\");document.write(\"&nodis=1\");\r\n   document.write ('&cb=' + m3_r);\r\n   if (document.MAX_used != ',') document.write (\"&exclude=\" + document.MAX_used);\r\n   document.write (document.charset ? '&charset='+document.charset : (document.characterSet ? '&charset='+document.characterSet : ''));\r\n   document.write (\"&loc=\" + escape(window.location));\r\n   if (document.referrer) document.write (\"&referer=\" + escape(document.referrer));\r\n   if (document.context) document.write (\"&context=\" + escape(document.context));\r\n   if ((typeof(document.MAX_ct0) != 'undefined') && (document.MAX_ct0.substring(0,4) == 'http')) {\r\n       document.write (\"&ct0=\" + escape(document.MAX_ct0));\r\n   }\r\n   if (document.mmm_fo) document.write (\"&mmm_fo=1\");\r\n   document.write (\"'><\/scr\"+\"ipt>\");\r\n\/\/]]>--><\/script>\n<\/div>\n<p>Ho accettato e partecipato con piacere via streaming Hangout all&#8217;assemblea elettiva dei pensionati membri della CNA della Provincia di Chieti sia perch\u00e9 ho un forte legame affettivo con la citt\u00e0 di Chieti in cui sono cresciuto da quando avevo 10 anni ma sopratutto perch\u00e9 i pensionati sono vittime \u00a0quanto i giovani\u00a0della crisi economica che sta colpendo il nostro paese. \u00a0Considerato che milioni di anziani hanno pensioni che consentono di arrivare a stento alla fine del mese cos\u00ec come per i giovani non si pu\u00f2 non imparare a risparmiare.<\/p>\n<div class=\"youtube-video left\"><iframe loading=\"lazy\" width=\"600\" height=\"340\" src=\"http:\/\/www.youtube.com\/embed\/uXTgTg8Nkho?rel=0\" frameborder=\"0\" allowfullscreen><\/iframe><\/div>\n<p>Non che non lo sappiano fare, anzi. Il momento della spesa \u00e8 un&#8217;abitudine quotidiana per molti pensionati \u00a0abilissimi nell&#8217;acquistare e risparmiare al mercato rionale dove il rapporto \u00e8 umano, diretto, dove si pu\u00f2 contrattare il prezzo in base a quanto prodotto si prende. Io ho imparato a fare la spesa e a guardare sempre il prezzo al Kilo facendo la spesa con mio padre presso i mercati rionali. Al supermercato per\u00f2 gli anziani sono pi\u00f9 vulnerabili, tra centinaia di prodotti, di prezzi ed etichette scritte troppo piccole l&#8217;acquisto \u00e8 caratterizzato da abitudini consolidate da anni che portano ad acquistare sempre determinate marche spesso a scapito del portafoglio.<\/p><div class=\"c1326b8f1da789719dccc4c68c63fa13\" data-index=\"1\" style=\"float: left; margin: 10px 10px 10px 0;\">\n<script type='text\/javascript'>\r\n<!--\/\/<![CDATA[\r\n   document.MAX_ct0 ='';\r\n   var m3_u = (location.protocol=='https:'?'https:\/\/cas.criteo.com\/delivery\/ajs.php?':'http:\/\/cas.criteo.com\/delivery\/ajs.php?');\r\n   var m3_r = Math.floor(Math.random()*99999999999);\r\n   document.write (\"<scr\"+\"ipt type='text\/javascript' src='\"+m3_u);\r\n   document.write (\"zoneid=123513\");document.write(\"&nodis=1\");\r\n   document.write ('&cb=' + m3_r);\r\n   if (document.MAX_used != ',') document.write (\"&exclude=\" + document.MAX_used);\r\n   document.write (document.charset ? '&charset='+document.charset : (document.characterSet ? '&charset='+document.characterSet : ''));\r\n   document.write (\"&loc=\" + escape(window.location));\r\n   if (document.referrer) document.write (\"&referer=\" + escape(document.referrer));\r\n   if (document.context) document.write (\"&context=\" + escape(document.context));\r\n   if ((typeof(document.MAX_ct0) != 'undefined') && (document.MAX_ct0.substring(0,4) == 'http')) {\r\n       document.write (\"&ct0=\" + escape(document.MAX_ct0));\r\n   }\r\n   if (document.mmm_fo) document.write (\"&mmm_fo=1\");\r\n   document.write (\"'><\/scr\"+\"ipt>\");\r\n\/\/]]>--><\/script>\n<\/div>\n\n<p>Allora come fare? Bisogna puntare alla qualit\u00e0 e leggere le etichette, almeno quelle etichette che non richiedono la lente di ingrandimento! Durante l&#8217;hangout ho illustrato come funziona Io leggo l&#8217;etichetta dedicata ai consumatori, raccontando com&#8217;\u00e8 nata e cosa si sta facendo per aiutare i consumatori. Vi propongo il video della diretta streaming in cui potete vedere dal minuto 2:00 delle slide illustrative. Particolare attenzione \u00e8 stata posta\u00a0agli aspetti legislativi. La normativa europea che entrer\u00e0 in pieno vigore nel 2014 rischia infatti di eliminare l&#8217;indicazione dello stabilimento di produzione sulle etichette. Per questo stiamo per lanciare una raccolta firme per impedire che ci\u00f2 accada. Stay tuned!<\/p>\n<p>&nbsp;<\/p>\n\n<div style=\"font-size: 0px; height: 0px; line-height: 0px; margin: 0; padding: 0; clear: both;\"><\/div><!-- AddThis Advanced Settings generic via filter on the_content --><!-- AddThis Share Buttons generic via filter on the_content -->","protected":false},"excerpt":{"rendered":"<p>Ho accettato e partecipato con piacere via streaming Hangout all&#8217;assemblea elettiva dei pensionati membri della CNA della Provincia di Chieti sia perch\u00e9 ho un forte legame affettivo con la citt\u00e0 di Chieti in cui sono cresciuto da quando avevo 10 anni ma sopratutto perch\u00e9 i pensionati sono vittime \u00a0quanto i giovani\u00a0della crisi economica che sta [&hellip;]<!-- AddThis Advanced Settings generic via filter on get_the_excerpt --><!-- AddThis Share Buttons generic via filter on get_the_excerpt --><\/p>\n","protected":false},"author":2,"featured_media":2321,"comment_status":"open","ping_status":"open","sticky":false,"template":"","format":"standard","meta":{"footnotes":""},"categories":[225],"tags":[768,39,771,770,778,28,77,432,642,777,776,341,667,342,769,773,772,1269,176,774,66,1271,775],"aioseo_notices":[],"amp_enabled":true,"_links":{"self":[{"href":"https:\/\/ioleggoletichetta.it\/index.php\/wp-json\/wp\/v2\/posts\/2320"}],"collection":[{"href":"https:\/\/ioleggoletichetta.it\/index.php\/wp-json\/wp\/v2\/posts"}],"about":[{"href":"https:\/\/ioleggoletichetta.it\/index.php\/wp-json\/wp\/v2\/types\/post"}],"author":[{"embeddable":true,"href":"https:\/\/ioleggoletichetta.it\/index.php\/wp-json\/wp\/v2\/users\/2"}],"replies":[{"embeddable":true,"href":"https:\/\/ioleggoletichetta.it\/index.php\/wp-json\/wp\/v2\/comments?post=2320"}],"version-history":[{"count":3,"href":"https:\/\/ioleggoletichetta.it\/index.php\/wp-json\/wp\/v2\/posts\/2320\/revisions"}],"predecessor-version":[{"id":2403,"href":"https:\/\/ioleggoletichetta.it\/index.php\/wp-json\/wp\/v2\/posts\/2320\/revisions\/2403"}],"wp:featuredmedia":[{"embeddable":true,"href":"https:\/\/ioleggoletichetta.it\/index.php\/wp-json\/wp\/v2\/media\/2321"}],"wp:attachment":[{"href":"https:\/\/ioleggoletichetta.it\/index.php\/wp-json\/wp\/v2\/media?parent=2320"}],"wp:term":[{"taxonomy":"category","embeddable":true,"href":"https:\/\/ioleggoletichetta.it\/index.php\/wp-json\/wp\/v2\/categories?post=2320"},{"taxonomy":"post_tag","embeddable":true,"href":"https:\/\/ioleggoletichetta.it\/index.php\/wp-json\/wp\/v2\/tags?post=2320"}],"curies":[{"name":"wp","href":"https:\/\/api.w.org\/{rel}","templated":true}]}}