{"id":2602,"date":"2013-10-15T14:06:12","date_gmt":"2013-10-15T12:06:12","guid":{"rendered":"http:\/\/ioleggoletichetta.it\/?p=2602"},"modified":"2013-10-15T17:58:33","modified_gmt":"2013-10-15T15:58:33","slug":"meno-sprechi-piu-guadagni-taglia-il-tubetto-di-dentifricio-prima-di-buttarlo-e-ci-troverai-una-sorpresa-in-omaggio-10-lavaggi-in-piu","status":"publish","type":"post","link":"https:\/\/ioleggoletichetta.it\/index.php\/2013\/10\/meno-sprechi-piu-guadagni-taglia-il-tubetto-di-dentifricio-prima-di-buttarlo-e-ci-troverai-una-sorpresa-in-omaggio-10-lavaggi-in-piu\/","title":{"rendered":"Meno sprechi pi\u00f9 guadagni. Taglia il tubetto di dentifricio prima di buttarlo e ci troverai una sorpresa in omaggio: 10 lavaggi in pi\u00f9!"},"content":{"rendered":"<div class=\"c1326b8f1da789719dccc4c68c63fa13\" data-index=\"1\" style=\"float: left; margin: 10px 10px 10px 0;\">\n<script type='text\/javascript'>\r\n<!--\/\/<![CDATA[\r\n   document.MAX_ct0 ='';\r\n   var m3_u = (location.protocol=='https:'?'https:\/\/cas.criteo.com\/delivery\/ajs.php?':'http:\/\/cas.criteo.com\/delivery\/ajs.php?');\r\n   var m3_r = Math.floor(Math.random()*99999999999);\r\n   document.write (\"<scr\"+\"ipt type='text\/javascript' src='\"+m3_u);\r\n   document.write (\"zoneid=123513\");document.write(\"&nodis=1\");\r\n   document.write ('&cb=' + m3_r);\r\n   if (document.MAX_used != ',') document.write (\"&exclude=\" + document.MAX_used);\r\n   document.write (document.charset ? '&charset='+document.charset : (document.characterSet ? '&charset='+document.characterSet : ''));\r\n   document.write (\"&loc=\" + escape(window.location));\r\n   if (document.referrer) document.write (\"&referer=\" + escape(document.referrer));\r\n   if (document.context) document.write (\"&context=\" + escape(document.context));\r\n   if ((typeof(document.MAX_ct0) != 'undefined') && (document.MAX_ct0.substring(0,4) == 'http')) {\r\n       document.write (\"&ct0=\" + escape(document.MAX_ct0));\r\n   }\r\n   if (document.mmm_fo) document.write (\"&mmm_fo=1\");\r\n   document.write (\"'><\/scr\"+\"ipt>\");\r\n\/\/]]>--><\/script>\n<\/div>\n<p>E&#8217; il caso di dirlo, meno si spreca pi\u00f9 si guadagna e si risparmia. Sono i piccoli gesti quotidiani a fare la differenza. In casa abbiamo molti prodotti conservati in contenitori che non sono ottimizzati per utilizzare il prodotto che vi \u00e8 contenuto al 100%. Uno su tutti il tubetto, o tubo che contiene creme, dentifrici, pomate, ecc. Troppo spesso vengono buttati tubetti che dentro hanno ancora prodotto utilizzabile e questo semplicemente perch\u00e9 il consumatore pensa che sia finito. E&#8217; anche vero che finalmente alcune aziende produttrici sopratutto nel campo della cosmesi hanno cominciato a produrre contenitori ottimizzati per il consumo completo del prodotto. Ma pensiamo al dentifricio per lavarsi i denti. Il tubetto di dentifricio trionfa nelle case degli italiani insieme al fatto che vengono buttati tubetti non completamente esauriti. Il risultato \u00e8 che nell&#8217;anno una famiglia dovr\u00e0 comprare pi\u00f9 dentifricio e spender\u00e0 di pi\u00f9. Se pensate che lo stesso si ripete per creme o anche alimenti contenuti in tubetti lo spreco di denaro \u00e8 garantito.<\/p>\n<p><strong>La soluzione \u00e8 semplice: basta tagliare il tubetto quando pensate che il prodotto sia esaurito. Dentro troverete un bella sorpresa in omaggio: un 5% di prodotto in pi\u00f9 utilizzabile che sarebbe finito nella spazzatura.<\/strong> Nel caso del dentifricio vi potrete lavare i denti ancora 10 volte. Noi abbiamo provato. Una buona abitudine quindi \u00a0quella di usare il prodotto \u00a0fino alla fine che dopo il nostro consiglio ha iniziato a diffondersi sempre di pi\u00f9 anche tra i consumatori che ci scrivono su <strong><a href=\"http:\/\/www.facebook.com\/ioleggoletichetta\" target=\"_blank\">Facebook <\/a><\/strong>e su <strong><a href=\"http:\/\/www.twitter.com\/etichettiamoci\" target=\"_blank\">Twitter<\/a>\u00a0 su <a title=\"Google Plus Ioleggoletichetta\" href=\"https:\/\/plus.google.com\/u\/0\/b\/102854822997071974371\/102854822997071974371\/posts\" target=\"_blank\">Google+<\/a><\/strong>: c&#8217;\u00e8\u00a0chi non ci aveva mai pensato,\u00a0c&#8217;\u00e8 chi \u00e8 \u00a0incredulo nello scoprire che non \u00e8 il solo a farlo, c&#8217;\u00e8\u00a0chi lo fa orgogliosamente fregandosene se qualche amico lo chiama tirchio, c&#8217;\u00e8\u00a0chi lo fa da sempre tramandando la pratica dell&#8217; ecorisparmio di generazione in generazione e c&#8217;\u00e8 anche chi sostiene che \u00e8 tremendamente contagioso farlo!<\/p>\n<p>Intanto Sungmin Hong, Yubin Choi, Yun Kim, Mi Jang e Seokgyu Hwang, coreani hanno inventato il tubetto del dentifricio con il buco sul fondo, per evitare sprechi. Si chiama Swing Toothpaste, il buco sul fondo servirebbe per inserire il dito e far ruotare il tubetto, spostando il dentifricio nella maniera giusta ed evitando gli sprechi. Proposta che non ci convince, il buco per infilare il dito prende spazio facendo sembrare il contenuto maggiore rispetto a quello effettivo, a riguardo consigliamo sempre di leggere prezzo al Kg e contenuto di prodotto nella confezione del tubetto.<\/p>\n<p><a href=\"http:\/\/ioleggoletichetta.it\/wp-content\/uploads\/2013\/10\/SwingToothpaste.png\"><img loading=\"lazy\" decoding=\"async\" class=\"aligncenter size-thumbnail wp-image-2610\" alt=\"SwingToothpaste\" src=\"http:\/\/ioleggoletichetta.it\/wp-content\/uploads\/2013\/10\/SwingToothpaste-594x300.png\" width=\"594\" height=\"300\" \/><\/a><\/p>\n<p>Si tratta di un&#8217;idea funzionale al design del packaging ma veramente poco funzionale allo scopo di utilizzare il 100% del prodotto rispetto al tagliare il tubetto.<\/p>\n<p>Quindi consigliamo di sfruttare al massimo il prodotto tagliando i tubetti che avete in casa. E tu il tubo lo tagli? Leggi di seguito i commenti dei consumatori<\/p>\n<p><a href=\"http:\/\/ioleggoletichetta.it\/wp-content\/uploads\/2012\/07\/tagliailtubo.jpg\"><img loading=\"lazy\" decoding=\"async\" class=\"aligncenter\" alt=\"Taglia il tubetto. Meno spreco pi\u00f9 risparmio\" src=\"http:\/\/ioleggoletichetta.it\/wp-content\/uploads\/2012\/07\/tagliailtubo-650x300.jpg\" width=\"650\" height=\"300\" \/><\/a><\/p>\n<p><strong>Anna Brighetti:<\/strong> \u00c8 da una vita che lo faccio e mi meraviglia sempre la lunga durata della rimanenza!<\/p>\n<p><strong>Raffaella SandyBell Rimoldi:<\/strong> Mia mamma l&#8217;ha sempre fatro fin da quando ero piccola, quindi ora mi viene naturale farlo&#8230;<\/p>\n<p><strong>Lina Clemente:<\/strong> Si sempre, consiglio datomi dalla commessa di una profumeria quando ero una ragazzina !!!<\/p>\n<p><strong>Mena Scotti:<\/strong>\u00a0Si da qualche anno&#8230; quando l&#8217;ho tagliato per la prima volta (quello del dentifricio) non potevo credere ai miei occhi!<\/p>\n<p><strong>Cristina Cocconi:<\/strong> Secondo le mie stime si risparmia ben pi\u00f9 del 5% di prodotto&#8230;.<\/p>\n<p><strong>Patrizia Melis:<\/strong> Sempre e c&#8217;\u00e8 ancora molto prodotto<\/p>\n<p><strong>Alessia Covatta:<\/strong>\u00a0Lo taglio lo taglio&#8230;.e soprattutto il dentifricio dura ancora 2 o 3 giorni!!!!<\/p>\n<p><strong>Gianvera Barbaro:<\/strong> Io lo faccio anche con i contenitori di succo di frutta in cartone e con il tappo a vite (come valfrutta o bravo). Ad un certo punto non esce pi\u00f9 nulla, ma dentro ce n&#8217;\u00e8 ancora.<\/p>\n<p><strong>Fabrizio Baldassari:<\/strong> Sempre fatto, anche se mi hanno sempre sfottuto !!!<\/p>\n<p><strong>Tiziana D&#8217;innocenzi:<\/strong>\u00a0Da sempre lo faccio e mi rendo conto che ci sono persone incredule!!!!<\/p>\n<p><strong>Marina Limongelli:<\/strong> Lo faccio anche io&#8230;&#8230;con il tubettodel fondotinta tagliato, riesco a truccarmi per altri 6-7 gg<\/p>\n<p><strong>Romina Trimarchi:<\/strong> Ah io ho avuto un&#8217;ottima insegnante&#8230;la mamna lo la faceva e lo faccio anch&#8217;io:-)<\/p>\n<p><strong>Barbara Campelli:<\/strong> Ma tu pensa&#8230; divento matta a schiacciare sti tubetti il pi\u00f9 possibile, anche togliendo completamente il tappo di plastica&#8230; e non ho mai pensato al taglio! grazie, ho giusto un tubetto nelle giuste condizioni<\/p>\n<p><strong>Silvia Olivero:<\/strong>\u00a0Lo far\u00f2!!!!<\/p>\n<p><strong>Claudia Galbiati:<\/strong> E&#8217; bello vedere che altri lo fanno:-)<\/p>\n<p><strong>Emilia Zuccherini:<\/strong> Lo sempre fatto ,ma vengo ripetutamente presa in giro&#8230;&#8230;<\/p>\n<p><strong>Carla Fasolini:<\/strong> La mia mamma,gi\u00e0 + di 50 anni f\u00e0,tagliava e risciacquava dall&#8217;interno il tubo metallico del concentrato di pomodoro&#8230;il concetto di evitare lo spreco l&#8217;ho imparato da l\u00ec!<\/p>\n<p><strong>Lorella Fiorentini:<\/strong> Sempre! Ed \u00e8 contagioso farlo!<\/p><div class=\"c1326b8f1da789719dccc4c68c63fa13\" data-index=\"1\" style=\"float: left; margin: 10px 10px 10px 0;\">\n<script type='text\/javascript'>\r\n<!--\/\/<![CDATA[\r\n   document.MAX_ct0 ='';\r\n   var m3_u = (location.protocol=='https:'?'https:\/\/cas.criteo.com\/delivery\/ajs.php?':'http:\/\/cas.criteo.com\/delivery\/ajs.php?');\r\n   var m3_r = Math.floor(Math.random()*99999999999);\r\n   document.write (\"<scr\"+\"ipt type='text\/javascript' src='\"+m3_u);\r\n   document.write (\"zoneid=123513\");document.write(\"&nodis=1\");\r\n   document.write ('&cb=' + m3_r);\r\n   if (document.MAX_used != ',') document.write (\"&exclude=\" + document.MAX_used);\r\n   document.write (document.charset ? '&charset='+document.charset : (document.characterSet ? '&charset='+document.characterSet : ''));\r\n   document.write (\"&loc=\" + escape(window.location));\r\n   if (document.referrer) document.write (\"&referer=\" + escape(document.referrer));\r\n   if (document.context) document.write (\"&context=\" + escape(document.context));\r\n   if ((typeof(document.MAX_ct0) != 'undefined') && (document.MAX_ct0.substring(0,4) == 'http')) {\r\n       document.write (\"&ct0=\" + escape(document.MAX_ct0));\r\n   }\r\n   if (document.mmm_fo) document.write (\"&mmm_fo=1\");\r\n   document.write (\"'><\/scr\"+\"ipt>\");\r\n\/\/]]>--><\/script>\n<\/div>\n\n<p><strong>Susanna Bonalda:<\/strong>\u00a0Me l&#8217;ha insegnato la mia nonna, ke sventra ogni cosa sventrabile!!! Anke se su molte cose preferisco i barattoli ai tubetti xk\u00e9 li pulisco meglio!<\/p>\n<p><strong>Marina Giulianelli:<\/strong> Ma che cavolo, solo io non l&#8217;ho fatto mai?<\/p>\n<p><strong>Giorgia Ramputi:<\/strong> Lo faccio sempre&#8230;e poi riaTTubo incastrando le parti :)))))<\/p>\n<p><strong>Anna Rossi:<\/strong> Sempre, facendomi odiare da Mio marito. Ciao<\/p>\n<p><strong>Fosca Preo:<\/strong> SI, IO LO TAGLIO SEMPRE c&#8217;\u00e9 un sacco di roba rimasta dentro ! ! !<\/p>\n<p><strong>Valentina Pugliese:<\/strong> Secondo me \u00e8 stupidissimo NON farlo.<\/p>\n<p><strong>Chiara Macchiesi:<\/strong> Per\u00f2 devi usare tutto subito, se no si secca!<\/p>\n<p><strong>Valentina Francia:<\/strong> I tubetti li tengo sempre a testa in gi\u00f9, il dentifricio lo schiaccio al massimo appiattendolo passandoci sopra la lama del coltello &#8230; ma a tagliarli non ci sono mai arrivata! Nemmeno pensato! Ed invece sembra cos\u00ec ovvio! Da oggi in poi Taglio Contagioso!!!!<\/p>\n<p><strong>Mauro Moretti:<\/strong> e in pi\u00f9 la plastica del tubetto viene reciclata meglio, una volta ben ripulita dal prodotto<\/p>\n<p><strong>Patrizia Iannone:<\/strong> lo faccio sempre&#8230;e qualcuno mi prende in giro &#8230;.<\/p>\n<p><strong>Mirko Francesca Baggioni:\u00a0<\/strong>pensavo di essere l&#8217;unica a farlo!!!<\/p>\n<p><strong>Ginevra Riccardina:<\/strong> Sempre fatto e diffuso ad amici e parenti!<\/p>\n<p><strong>Maria Grazia Cabigiosu:<\/strong> me l&#8217;aveva insegnato mia nonna e ora lo fanno le mie figlie: passaggio di eco-risparmio fra le generazioni&#8230;<\/p>\n<p><strong>Maria Luisa Loffredo:<\/strong> Non ci avevo mai pensato&#8230;d&#8217;ora in poi taglier\u00f2 il tubo&#8230;grazie del consiglio&#8230;.<\/p>\n<p><strong>Sandra E Silvio Montesuelli:<\/strong> Da condividere appieno l&#8217;impegno e l&#8217;insegnamento volti al risparmio, perch\u00e9 lo spreco a tutti i livelli rappresenta sicuramente un danno per l&#8217;economia del proprio portafoglio, per le finanze dello Stato e per l&#8217;equilibrio di tutto l&#8217;ecosistema!<\/p>\n<p><strong>Alessandro Serra:<\/strong> Da una vita ! Sono stato &#8220;etichettato&#8221; come un tirchione da persone che non hanno ancora capito che le risorse , il mondo sono un entit\u00e0 &#8220;finita&#8221;!!<\/p>\n<p><strong>Federica Candeletti:<\/strong> Io lo faccio anche con il fondotinta!<\/p>\n<p><strong>Alessandra Rossato:<\/strong> Si, ho imparato da piccola che lo vedevo fare da mia mamma&#8230;.<\/p>\n<p><strong>Stefania Mazzocchin:<\/strong> Non ci ho mai pensato !!!!! Grazie per il consiglio ora lo far\u00f2 !!!!!!<\/p>\n<p><strong>Scarin Donatella:<\/strong> Fatto anche negli anni di vacche grasse;gli sprechi non mi sono mai piaciuti<\/p>\n<p><strong>Antonella Curcio:<\/strong>\u00a0sempre fatto e mi hanno sempre chiamata tirchia,ma chi se ne frega&#8230;&#8230;&#8230;&#8230;..<\/p>\n<p><strong>Silvia Ancelotti:<\/strong>\u00a0Idem e comunque sono bravssima a strizzare i tubetti prima di tagliarli<\/p>\n<p><strong>Paola Misul:<\/strong> ..e se li tagli bene, il fondo lo puoi usare come tappo<\/p>\n<p><strong>Mary Donato:<\/strong> Spesso \u00e8 molto pi\u00f9 del 5% il prodotto recuperato<\/p>\n<p><strong>Donatella Aledda:<\/strong> con il dentifricio lo faccio sempre&#8230;. ci lavo i denti un altra settimana<\/p>\n<p><strong>Andrea Bondielli<\/strong> &#8230;.e io con il gel almeno altri 3<\/p>\n<p><strong>Enrica Rossi<\/strong> &#8230;una buona abitudine che seguo ormai da molto tempo!!!&#8230;diffondiamo&#8230;diffondiamo &#8230;diffondiamo&#8230;<\/p>\n<p><strong>Elisabetta Biasiolo<\/strong> la parte terminale del tubo si infila su quella del tappo, si ottiene un tubetto corto corto, e la crema all&#8217;interno si conserva.<\/p>\n<p><strong>Lisa Cibinel<\/strong> Lo facevo ancora prima che dilagasse ( si fa per dire) la moda di risparmiare e pensate che mi davano pure della taccagna.<\/p>\n<p><strong>Cordano Giacinta<\/strong> naturalmente&#8230;.e mi danno della spilorcia, mentre detesto semplicemente gli sprechi!<\/p>\n<p><strong>Paola Berardi<\/strong> Io lo taglio sempre e poi incastro una met\u00e0 dentro l&#8217;altra visto che sono flessibili e non si secca !<\/p>\n<p><strong>Francesca Hellstr\u00f6m<\/strong> Ho appena tagliato un flacone di latte detergente! Ne ho ancora per due o tre giorni!<\/p>\n<p><strong>Cinzia Asia Mandelli<\/strong> lo faccio da sempre con grandi critiche da parte del coniuge !!! ma io persevero ;-))<\/p>\n<p><strong>Claudia Peduzzi<\/strong> pensavo davvero di essere la sola a farlo&#8230;..<\/p>\n<p><strong>Danila Lanfranconi<\/strong>\u00a0Oddio&#8230;pensavo di essere l&#8217;unica!!!!! Con il fondotinta sono andata avanti ancora 3 settimane, minimo! Poi, una volta aperto lo metto in un contenitore chiuso.<\/p>\n<p><strong>Enrico Viscardi<\/strong> io riciclo anche il tubo. Compro tubi piccoli vuoti in farmacia e li uso per condividere colori che si vendono solo in tubi grandi e costosi, con gli amici pittori. Se il farmacista ti dice che i tubi vuoti non esistono digli che sei il prof di suo figlio&#8230;nonch\u00e9 amico di don Vito Corleone&#8230;<\/p>\n<p><strong>Maria Teresa Giusti<\/strong> Pensavo anch&#8217;io di essere l&#8217;unica<\/p>\n<p><strong>Vittoria Cicu<\/strong> Lo faccio da sempre, e per evitare che il prodotto cambi colore o si secchi ossidandosi lo ricopro con un pezzetto di stagnola bloccato da un elastico e se \u00e8 estate lo ripongo anche in frigo.<\/p>\n<p><strong>Maria Teresa Teta<\/strong> ..per me \u00e8 prassi ereditata in famiglia. Ma mentre ora appare &#8220;trendy&#8221; e intelligente, sino a poco tempo fa mi dicevano solo che ero spilorcia! E invece, a saperlo, \u00e8 solo che ero un passo avanti!<\/p>\n<p><strong>Paola Oswin Gervasi<\/strong> Io taglio e poi copro con la pellicola trasparente perch\u00e8 non si secchi, oppure uso la oarte finale del tubo per chiudere il tutto<\/p>\n<p><strong>Laura Ridolfi<\/strong> E i rossetti li finisco con una palettina del caff\u00e8 e pennellino x rossetto&#8230;quasi un altro rossetto<\/p>\n<p><strong>Maria Parrilla<\/strong> ho finito il dentifricio dei bambini, sotto il vostro consiglio ho tagliato il tubetto&#8230;. ma quanto ne rimane dentro! da oggi li taglio tutti&#8230;.<\/p>\n<p><strong>Laura Mapelli<\/strong> lo faccio sempre&#8230; lo ripulisco fino all&#8217;ultima goccia!!! L&#8217;ho pagato!!<\/p>\n<p><strong>Marika Callegaro<\/strong> Per le creme solari, soprattutto. Con quello che costano&#8230;<\/p>\n<p><a href=\"http:\/\/ioleggoletichetta.it\/wp-content\/uploads\/2012\/07\/tagliailtubo.jpg\">\u00a0<\/a><\/p>\n\n<div style=\"font-size: 0px; height: 0px; line-height: 0px; margin: 0; padding: 0; clear: both;\"><\/div><!-- AddThis Advanced Settings generic via filter on the_content --><!-- AddThis Share Buttons generic via filter on the_content -->","protected":false},"excerpt":{"rendered":"<p>E&#8217; il caso di dirlo, meno si spreca pi\u00f9 si guadagna e si risparmia. Sono i piccoli gesti quotidiani a fare la differenza. In casa abbiamo molti prodotti conservati in contenitori che non sono ottimizzati per utilizzare il prodotto che vi \u00e8 contenuto al 100%. Uno su tutti il tubetto, o tubo che contiene creme, [&hellip;]<!-- AddThis Advanced Settings generic via filter on get_the_excerpt --><!-- AddThis Share Buttons generic via filter on get_the_excerpt --><\/p>\n","protected":false},"author":554,"featured_media":2606,"comment_status":"open","ping_status":"open","sticky":false,"template":"","format":"standard","meta":{"footnotes":""},"categories":[1],"tags":[940,504,21,359,939,64,28,363,938,1265,1269,173,223,129,367,362,179,358],"aioseo_notices":[],"amp_enabled":true,"_links":{"self":[{"href":"https:\/\/ioleggoletichetta.it\/index.php\/wp-json\/wp\/v2\/posts\/2602"}],"collection":[{"href":"https:\/\/ioleggoletichetta.it\/index.php\/wp-json\/wp\/v2\/posts"}],"about":[{"href":"https:\/\/ioleggoletichetta.it\/index.php\/wp-json\/wp\/v2\/types\/post"}],"author":[{"embeddable":true,"href":"https:\/\/ioleggoletichetta.it\/index.php\/wp-json\/wp\/v2\/users\/554"}],"replies":[{"embeddable":true,"href":"https:\/\/ioleggoletichetta.it\/index.php\/wp-json\/wp\/v2\/comments?post=2602"}],"version-history":[{"count":8,"href":"https:\/\/ioleggoletichetta.it\/index.php\/wp-json\/wp\/v2\/posts\/2602\/revisions"}],"predecessor-version":[{"id":2612,"href":"https:\/\/ioleggoletichetta.it\/index.php\/wp-json\/wp\/v2\/posts\/2602\/revisions\/2612"}],"wp:featuredmedia":[{"embeddable":true,"href":"https:\/\/ioleggoletichetta.it\/index.php\/wp-json\/wp\/v2\/media\/2606"}],"wp:attachment":[{"href":"https:\/\/ioleggoletichetta.it\/index.php\/wp-json\/wp\/v2\/media?parent=2602"}],"wp:term":[{"taxonomy":"category","embeddable":true,"href":"https:\/\/ioleggoletichetta.it\/index.php\/wp-json\/wp\/v2\/categories?post=2602"},{"taxonomy":"post_tag","embeddable":true,"href":"https:\/\/ioleggoletichetta.it\/index.php\/wp-json\/wp\/v2\/tags?post=2602"}],"curies":[{"name":"wp","href":"https:\/\/api.w.org\/{rel}","templated":true}]}}